[{"@context":"https:\/\/schema.org\/","@type":"Article","@id":"https:\/\/www.grs.sk\/spoznavanie-historie-slovenska\/#Article","mainEntityOfPage":"https:\/\/www.grs.sk\/spoznavanie-historie-slovenska\/","headline":"Spozn\u00e1vanie hist\u00f3rie Slovenska","name":"Spozn\u00e1vanie hist\u00f3rie Slovenska","description":"V\u010dera to je 15.6. 2024\u00a0bol v\u00e1m ve\u013ek\u00fd de\u0148 neviem kto v\u0161etko sledoval TV ale my \u00e1no, Len podaktor\u00ed ktor\u00fd s\u00edce maj\u00fa ako\u017ee Zelen\u00e9 \u0161koly je [&hellip;]","datePublished":"2024-03-17","dateModified":"2024-03-17","author":{"@type":"Person","@id":"https:\/\/www.grs.sk\/author\/#Person","name":"","url":"https:\/\/www.grs.sk\/author\/","identifier":1,"image":{"@type":"ImageObject","@id":"https:\/\/secure.gravatar.com\/avatar\/04053961f5a3d2af1f56d865c7fc774bb6a80b9754b2f4c57fa4f8cefa253bd4?s=96&d=mm&r=g","url":"https:\/\/secure.gravatar.com\/avatar\/04053961f5a3d2af1f56d865c7fc774bb6a80b9754b2f4c57fa4f8cefa253bd4?s=96&d=mm&r=g","height":96,"width":96}},"publisher":{"@type":"Organization","name":"grs.sk","logo":{"@type":"ImageObject","@id":"\/logo.png","url":"\/logo.png","width":600,"height":60}},"image":{"@type":"ImageObject","@id":"https:\/\/www.grs.sk\/wp-content\/uploads\/adventure-1839147_640_2.jpg","url":"https:\/\/www.grs.sk\/wp-content\/uploads\/adventure-1839147_640_2.jpg","height":0,"width":0},"url":"https:\/\/www.grs.sk\/spoznavanie-historie-slovenska\/","about":["Politika"],"wordCount":572,"articleBody":"V\u010dera to je 15.6. 2024\u00a0bol v\u00e1m ve\u013ek\u00fd de\u0148 neviem kto v\u0161etko sledoval TV ale my \u00e1no, Len podaktor\u00ed ktor\u00fd s\u00edce maj\u00fa ako\u017ee Zelen\u00e9 \u0161koly je Po\u013enohospod\u00e1rska \u0161kola V\u0160 moji zn\u00e1my nevedia sa ani k to u vyjadri\u0165 len \u017ee super. Ja k tomu nem\u00e1m slov . Ale to bokom aby som neza\u0161la pr\u00edli\u0161 \u010faleko . V\u010dera d\u00e1vala JOJ 24 nieko\u013eko hodinov\u00fa Inaugur\u00e1cia prezidenta Petra P. My sme pozerali nejak\u00e9 tri hodiny to cirka. Ale cel\u00fd ten proces bol na vysokej \u00farovni . je smutn\u00e9 \u017ee sa teraj\u0161ia ml\u00e1de\u017e ale celkovo \u013eud nevie ani poriadne vyjadri\u0165 k tomu. Robili aj anketu pret\u00fdm ako poznaj\u00fa hist\u00f3riu napr. SK prezidentov no poviem v\u00e1m \u017ee m\u00e1lokto to vedel. P\u00e1n prezident novo zvolen\u00fd je 6 v porad\u00ed. On sa na t\u00fa funkciu hod\u00ed. Po v\u0161etkej str\u00e1nke. Vo\u013eakedy ke\u010f som chodila do \u0161koly sme mali dejepis u\u010dili sme sa v\u0161etko tzv. hist\u00f3rii pravdu aj nepravdu ale to je d\u00e1vno za mnou. \u010co sa t\u00fdka prezidentov t\u00fdch viem v\u0161etk\u00fdch od sam\u00e9ho za\u010diatku a\u017e doposia\u013e. Ako \u00faplne prv\u00fd prezident v \u010cSR bol Tom\u00e1\u0161\u00a0 G.M. a m\u00f4\u017eem pokra\u010dova\u0165. ja zauj\u00edmam aj tak trochu o politiku sledujem dianie \u010di u\u017e u n\u00e1s na SK \u010di vo svete. Ono niekedy si d\u00e1m aj pauzu od toho. Chcem si zadov\u00e1\u017ei\u0165 niekedy knihu o politike. Po revol\u00facii sa objavili knihy na trhu o tzv. druhej sv. vojne. Mala som na tie knihy z\u00e1lusk bu\u010f ich museli zobra\u0165 z predaja alebo to niekto v tom \u010dase k\u00fapil. Bohvie. Vtedy e\u0161te nebolo to\u013eko kn\u00edh na tak\u00fato t\u00e9mu dosta\u0165 k\u00fapi\u0165 . Vo ve\u013ekom to bolo tabu. proste ste sa k tomu nedostali. Ale poviem v\u00e1m Politol\u00f3gia ako odbor je zauj\u00edmav\u00e1 a hodne n\u00e1ro\u010dn\u00e1. Keby \u017ee som znovu o t\u00fdch 30 rokov ml. Tak idem to \u0161tudova\u0165 ale robi\u0165 by som to nechcela. Je to obrovsk\u00e1 zodpovednos\u0165. Moja zn\u00e1ma ona afektuje \u017ee ona robila referenta pre SPP \u017ee mala tak\u00fa ist\u00fa zodpovednos\u0165 ako v politike. Smie\u0161ne ona sa nem\u00e1 \u010do porovn\u00e1va\u0165 cel\u00e9 dni robila iba kontrolu cez pc doma a ob\u010das na porady do BA to bolo cel\u00e9. Jaj dala by som jej tak\u00fato funkciu potom by videla \u010do je zodpovednos\u0165. Asi myslela \u017ee mala BODYUARD. Zn\u00e1ma je len oby\u010dajn\u00e1 ob\u010dianka SR. Ako aj my ob\u010dania SR. My sme sa \u010dasto i\u0161li popu\u010di\u0165 od smiechu vypr\u00e1vala na seba \u017ee ona je vyvolen\u00e1 no nevidno nem\u00e1 ani moment\u00e1lne zamestnanie h\u013ead\u00e1 si. Tak\u017ee padla na sam\u00e9 dno. Ale o tom potom, Len citujem ako si niektor\u00ed \u013eudia nam\u00fd\u0161\u013eaj\u00fa o sebe. Ale treba by\u0165 pri zemi podot\u00fdkam. Nie ka\u017ed\u00fd m\u00e1 na to robi\u0165 na vysok\u00fdch p\u00f4stoch. D\u00fafam \u017ee teraz nastane lep\u0161ie obdobie pre na\u0161u krajinu lebo ju milujeme. Mali by sme si ju v\u00e1\u017ei\u0165 aj ochra\u0148ova\u0165 . Je to na\u0161a Slovensk\u00e1 matka zem. Sme hrd\u00ed Slov\u00e1ci resp. mali by sme by\u0165. Slovensko je n\u00e1dhern\u00e1 krajina m\u00e1me tu v\u0161eli\u010do cez m\u00fazea alebo dlh\u00fa hist\u00f3riu a mnoho in\u00e9ho. Chodia sme \u013eudia aj z in\u00fdch kraj\u00edn sveta.                                                                                                                                                                                                                                                                                                                                                                                        4.1\/5 - (15 votes)        "},{"@context":"https:\/\/schema.org\/","@type":"BreadcrumbList","itemListElement":[{"@type":"ListItem","position":1,"name":"Spozn\u00e1vanie hist\u00f3rie Slovenska","item":"https:\/\/www.grs.sk\/spoznavanie-historie-slovenska\/#breadcrumbitem"}]}]